{"id":2071,"date":"2025-05-29T16:05:00","date_gmt":"2025-05-29T16:05:00","guid":{"rendered":"https:\/\/www.hotelengirona.com\/hotel-palau-de-girona-amb-els-refugiats-de-la-guerra-ducraina\/"},"modified":"2025-05-29T16:05:00","modified_gmt":"2025-05-29T16:05:00","slug":"hotel-palau-de-girona-amb-els-refugiats-de-la-guerra-ducraina","status":"publish","type":"post","link":"https:\/\/www.hotelengirona.com\/ca\/hotel-palau-de-girona-amb-els-refugiats-de-la-guerra-ducraina\/","title":{"rendered":"Hotel Palau de Girona amb els Refugiats de la Guerra d&#8217;Ucra\u00efna"},"content":{"rendered":"<p>Des que R\u00fassia va comen\u00e7ar la incursi\u00f3 militar a Ucra\u00efna, milions d&#8217;ucra\u00efnesos han perdut familiars, amics i propietats. S\u00f3n milers d&#8217;ucra\u00efnesos els que s&#8217;han quedat sense casa, per aix\u00f2 a l&#8217;hotel Palau hem decidit estendre una m\u00e0 amiga oferint estada a centenars de refugiats.<\/p>\n<p>Per aix\u00f2 hem realitzat un acord amb la Creu Roja, aix\u00ed permetem que alguns refugiats ucra\u00efnesos puguin viure a les nostres instal\u00b7lacions sense haver de pagar per aix\u00f2. D&#8217;aquesta manera, garantim un ambient confortable a qui ha hagut de travessar situacions realment adverses.<\/p>\n<h2>Instal\u00b7lacions de l&#8217;hotel Palau de Girona<\/h2>\n<p>A l&#8217;hotel comptem amb habitacions per satisfer les necessitats de diferents grups, algunes de les habitacions de qu\u00e8 disposem s\u00f3n:<\/p>\n<ul>\n<li>Tenim una varietat d&#8217;habitacions dobles.<\/li>\n<li>Per als visitants m\u00e9s exigents est\u00e0 disponible suite.<\/li>\n<li>Aix\u00ed mateix disposem d&#8217;habitacions Junior Suite.<\/li>\n<li>Per als grups m\u00e9s grans, comptem amb habitacions qu\u00e0druples.<\/li>\n<\/ul>\n<p>S\u00f3n en total 18 habitacions de qu\u00e8 disposem. A cadascuna de les habitacions del nostre hotel, garantim els serveis de m\u00e9s qualitat, que faran de la teva estada realment confortable.<\/p>\n<h2>Eleg\u00e0ncia i comoditat marquen la difer\u00e8ncia al nostre hotel<\/h2>\n<p>Totes les habitacions tenen un disseny minimalista, cadascun dels detalls estan perfectament cuidats per aconseguir que l&#8217;estada sigui perfecta.<\/p>\n<p>Si b\u00e9 actualment m\u00e9s de la meitat de les nostres habitacions estan ocupades pels refugiats ucra\u00efnesos, encara tenim habitacions disponibles per a visitants i turistes que busquin les instal\u00b7lacions m\u00e9s c\u00f2modes i modernes.<\/p>\n<p>Les tarifes que oferim per les nostres habitacions s\u00f3n assequibles, per\u00f2 si desitges obtenir descomptes, \u00e9s for\u00e7a simple, nom\u00e9s has de fer \u00fas del codi de l&#8217;HOTELPALAU. Autom\u00e0ticament s\u00b4aplicar\u00e0 un 5% de descompte. Les reserves es fan en pocs minuts des de la web i el proc\u00e9s \u00e9s m\u00e9s senzill.<\/p>\n","protected":false},"excerpt":{"rendered":"<p>Des que R\u00fassia va comen\u00e7ar la incursi\u00f3 militar a Ucra\u00efna, milions d&#8217;ucra\u00efnesos han perdut familiars, amics i propietats. S\u00f3n milers d&#8217;ucra\u00efnesos els que s&#8217;han quedat sense casa, per aix\u00f2 a l&#8217;hotel Palau hem decidit estendre una m\u00e0 amiga oferint estada [&hellip;]<\/p>\n","protected":false},"author":1,"featured_media":2069,"comment_status":"closed","ping_status":"closed","sticky":false,"template":"","format":"standard","meta":{"footnotes":""},"categories":[52],"tags":[],"class_list":["post-2071","post","type-post","status-publish","format-standard","has-post-thumbnail","hentry","category-sense-categoria"],"yoast_head":"<!-- This site is optimized with the Yoast SEO plugin v27.2 - https:\/\/yoast.com\/product\/yoast-seo-wordpress\/ -->\n<title>Hotel Palau de Girona amb els Refugiats de la Guerra d&#039;Ucra\u00efna - Hotel Palau de Girona<\/title>\n<meta name=\"description\" content=\"Des que R\u00fassia va comen\u00e7ar la incursi\u00f3 militar a Ucra\u00efna, milions d&#039;ucra\u00efnesos han perdut familiars, amics i propietats. S\u00f3n milers d&#039;ucra\u00efnesos els que\" \/>\n<meta name=\"robots\" content=\"index, follow, max-snippet:-1, max-image-preview:large, max-video-preview:-1\" \/>\n<link rel=\"canonical\" href=\"https:\/\/www.hotelengirona.com\/ca\/hotel-palau-de-girona-amb-els-refugiats-de-la-guerra-ducraina\/\" \/>\n<meta property=\"og:locale\" content=\"ca_ES\" \/>\n<meta property=\"og:type\" content=\"article\" \/>\n<meta property=\"og:title\" content=\"Hotel Palau de Girona amb els Refugiats de la Guerra d&#039;Ucra\u00efna - Hotel Palau de Girona\" \/>\n<meta property=\"og:description\" content=\"Des que R\u00fassia va comen\u00e7ar la incursi\u00f3 militar a Ucra\u00efna, milions d&#039;ucra\u00efnesos han perdut familiars, amics i propietats. S\u00f3n milers d&#039;ucra\u00efnesos els que\" \/>\n<meta property=\"og:url\" content=\"https:\/\/www.hotelengirona.com\/ca\/hotel-palau-de-girona-amb-els-refugiats-de-la-guerra-ducraina\/\" \/>\n<meta property=\"og:site_name\" content=\"Hotel Palau de Girona\" \/>\n<meta property=\"article:published_time\" content=\"2025-05-29T16:05:00+00:00\" \/>\n<meta property=\"og:image\" content=\"https:\/\/www.hotelengirona.com\/wp-content\/uploads\/2022\/12\/30.jpg\" \/>\n\t<meta property=\"og:image:width\" content=\"1500\" \/>\n\t<meta property=\"og:image:height\" content=\"1000\" \/>\n\t<meta property=\"og:image:type\" content=\"image\/jpeg\" \/>\n<meta name=\"author\" content=\"admin\" \/>\n<meta name=\"twitter:card\" content=\"summary_large_image\" \/>\n<meta name=\"twitter:label1\" content=\"Escrit per\" \/>\n\t<meta name=\"twitter:data1\" content=\"admin\" \/>\n\t<meta name=\"twitter:label2\" content=\"Temps estimat de lectura\" \/>\n\t<meta name=\"twitter:data2\" content=\"2 minuts\" \/>\n<script type=\"application\/ld+json\" class=\"yoast-schema-graph\">{\"@context\":\"https:\/\/schema.org\",\"@graph\":[{\"@type\":\"Article\",\"@id\":\"https:\/\/www.hotelengirona.com\/ca\/hotel-palau-de-girona-amb-els-refugiats-de-la-guerra-ducraina\/#article\",\"isPartOf\":{\"@id\":\"https:\/\/www.hotelengirona.com\/ca\/hotel-palau-de-girona-amb-els-refugiats-de-la-guerra-ducraina\/\"},\"author\":{\"name\":\"admin\",\"@id\":\"https:\/\/www.hotelengirona.com\/#\/schema\/person\/e1b0e1fc2ba25258a352e34a465f8c3b\"},\"headline\":\"Hotel Palau de Girona amb els Refugiats de la Guerra d&#8217;Ucra\u00efna\",\"datePublished\":\"2025-05-29T16:05:00+00:00\",\"mainEntityOfPage\":{\"@id\":\"https:\/\/www.hotelengirona.com\/ca\/hotel-palau-de-girona-amb-els-refugiats-de-la-guerra-ducraina\/\"},\"wordCount\":333,\"publisher\":{\"@id\":\"https:\/\/www.hotelengirona.com\/#organization\"},\"image\":{\"@id\":\"https:\/\/www.hotelengirona.com\/ca\/hotel-palau-de-girona-amb-els-refugiats-de-la-guerra-ducraina\/#primaryimage\"},\"thumbnailUrl\":\"https:\/\/www.hotelengirona.com\/wp-content\/uploads\/2022\/12\/30.jpg\",\"inLanguage\":\"ca\"},{\"@type\":\"WebPage\",\"@id\":\"https:\/\/www.hotelengirona.com\/ca\/hotel-palau-de-girona-amb-els-refugiats-de-la-guerra-ducraina\/\",\"url\":\"https:\/\/www.hotelengirona.com\/ca\/hotel-palau-de-girona-amb-els-refugiats-de-la-guerra-ducraina\/\",\"name\":\"Hotel Palau de Girona amb els Refugiats de la Guerra d'Ucra\u00efna - Hotel Palau de Girona\",\"isPartOf\":{\"@id\":\"https:\/\/www.hotelengirona.com\/#website\"},\"primaryImageOfPage\":{\"@id\":\"https:\/\/www.hotelengirona.com\/ca\/hotel-palau-de-girona-amb-els-refugiats-de-la-guerra-ducraina\/#primaryimage\"},\"image\":{\"@id\":\"https:\/\/www.hotelengirona.com\/ca\/hotel-palau-de-girona-amb-els-refugiats-de-la-guerra-ducraina\/#primaryimage\"},\"thumbnailUrl\":\"https:\/\/www.hotelengirona.com\/wp-content\/uploads\/2022\/12\/30.jpg\",\"datePublished\":\"2025-05-29T16:05:00+00:00\",\"description\":\"Des que R\u00fassia va comen\u00e7ar la incursi\u00f3 militar a Ucra\u00efna, milions d'ucra\u00efnesos han perdut familiars, amics i propietats. S\u00f3n milers d'ucra\u00efnesos els que\",\"breadcrumb\":{\"@id\":\"https:\/\/www.hotelengirona.com\/ca\/hotel-palau-de-girona-amb-els-refugiats-de-la-guerra-ducraina\/#breadcrumb\"},\"inLanguage\":\"ca\",\"potentialAction\":[{\"@type\":\"ReadAction\",\"target\":[\"https:\/\/www.hotelengirona.com\/ca\/hotel-palau-de-girona-amb-els-refugiats-de-la-guerra-ducraina\/\"]}]},{\"@type\":\"ImageObject\",\"inLanguage\":\"ca\",\"@id\":\"https:\/\/www.hotelengirona.com\/ca\/hotel-palau-de-girona-amb-els-refugiats-de-la-guerra-ducraina\/#primaryimage\",\"url\":\"https:\/\/www.hotelengirona.com\/wp-content\/uploads\/2022\/12\/30.jpg\",\"contentUrl\":\"https:\/\/www.hotelengirona.com\/wp-content\/uploads\/2022\/12\/30.jpg\",\"width\":1500,\"height\":1000},{\"@type\":\"BreadcrumbList\",\"@id\":\"https:\/\/www.hotelengirona.com\/ca\/hotel-palau-de-girona-amb-els-refugiats-de-la-guerra-ducraina\/#breadcrumb\",\"itemListElement\":[{\"@type\":\"ListItem\",\"position\":1,\"name\":\"Portada\",\"item\":\"https:\/\/www.hotelengirona.com\/\"},{\"@type\":\"ListItem\",\"position\":2,\"name\":\"Hotel Palau de Girona amb els Refugiats de la Guerra d&#8217;Ucra\u00efna\"}]},{\"@type\":\"WebSite\",\"@id\":\"https:\/\/www.hotelengirona.com\/#website\",\"url\":\"https:\/\/www.hotelengirona.com\/\",\"name\":\"Hotel Palau de Girona\",\"description\":\"Sant Juli\u00e0 de Ramis, Girona\",\"publisher\":{\"@id\":\"https:\/\/www.hotelengirona.com\/#organization\"},\"potentialAction\":[{\"@type\":\"SearchAction\",\"target\":{\"@type\":\"EntryPoint\",\"urlTemplate\":\"https:\/\/www.hotelengirona.com\/?s={search_term_string}\"},\"query-input\":{\"@type\":\"PropertyValueSpecification\",\"valueRequired\":true,\"valueName\":\"search_term_string\"}}],\"inLanguage\":\"ca\"},{\"@type\":\"Organization\",\"@id\":\"https:\/\/www.hotelengirona.com\/#organization\",\"name\":\"Hotel Palau de Girona\",\"url\":\"https:\/\/www.hotelengirona.com\/\",\"logo\":{\"@type\":\"ImageObject\",\"inLanguage\":\"ca\",\"@id\":\"https:\/\/www.hotelengirona.com\/#\/schema\/logo\/image\/\",\"url\":\"https:\/\/www.hotelengirona.com\/wp-content\/uploads\/2019\/06\/logohpg.png\",\"contentUrl\":\"https:\/\/www.hotelengirona.com\/wp-content\/uploads\/2019\/06\/logohpg.png\",\"width\":11811,\"height\":9364,\"caption\":\"Hotel Palau de Girona\"},\"image\":{\"@id\":\"https:\/\/www.hotelengirona.com\/#\/schema\/logo\/image\/\"}},{\"@type\":\"Person\",\"@id\":\"https:\/\/www.hotelengirona.com\/#\/schema\/person\/e1b0e1fc2ba25258a352e34a465f8c3b\",\"name\":\"admin\",\"image\":{\"@type\":\"ImageObject\",\"inLanguage\":\"ca\",\"@id\":\"https:\/\/secure.gravatar.com\/avatar\/9927a224b9f9733c4feb9fdbfa81332fd2a62fe00eefee4c746caa088fb72e8c?s=96&d=mm&r=g\",\"url\":\"https:\/\/secure.gravatar.com\/avatar\/9927a224b9f9733c4feb9fdbfa81332fd2a62fe00eefee4c746caa088fb72e8c?s=96&d=mm&r=g\",\"contentUrl\":\"https:\/\/secure.gravatar.com\/avatar\/9927a224b9f9733c4feb9fdbfa81332fd2a62fe00eefee4c746caa088fb72e8c?s=96&d=mm&r=g\",\"caption\":\"admin\"},\"sameAs\":[\"https:\/\/hotelengirona.com\"],\"url\":\"https:\/\/www.hotelengirona.com\/ca\/author\/palau\/\"}]}<\/script>\n<!-- \/ Yoast SEO plugin. -->","yoast_head_json":{"title":"Hotel Palau de Girona amb els Refugiats de la Guerra d'Ucra\u00efna - Hotel Palau de Girona","description":"Des que R\u00fassia va comen\u00e7ar la incursi\u00f3 militar a Ucra\u00efna, milions d'ucra\u00efnesos han perdut familiars, amics i propietats. S\u00f3n milers d'ucra\u00efnesos els que","robots":{"index":"index","follow":"follow","max-snippet":"max-snippet:-1","max-image-preview":"max-image-preview:large","max-video-preview":"max-video-preview:-1"},"canonical":"https:\/\/www.hotelengirona.com\/ca\/hotel-palau-de-girona-amb-els-refugiats-de-la-guerra-ducraina\/","og_locale":"ca_ES","og_type":"article","og_title":"Hotel Palau de Girona amb els Refugiats de la Guerra d'Ucra\u00efna - Hotel Palau de Girona","og_description":"Des que R\u00fassia va comen\u00e7ar la incursi\u00f3 militar a Ucra\u00efna, milions d'ucra\u00efnesos han perdut familiars, amics i propietats. S\u00f3n milers d'ucra\u00efnesos els que","og_url":"https:\/\/www.hotelengirona.com\/ca\/hotel-palau-de-girona-amb-els-refugiats-de-la-guerra-ducraina\/","og_site_name":"Hotel Palau de Girona","article_published_time":"2025-05-29T16:05:00+00:00","og_image":[{"width":1500,"height":1000,"url":"https:\/\/www.hotelengirona.com\/wp-content\/uploads\/2022\/12\/30.jpg","type":"image\/jpeg"}],"author":"admin","twitter_card":"summary_large_image","twitter_misc":{"Escrit per":"admin","Temps estimat de lectura":"2 minuts"},"schema":{"@context":"https:\/\/schema.org","@graph":[{"@type":"Article","@id":"https:\/\/www.hotelengirona.com\/ca\/hotel-palau-de-girona-amb-els-refugiats-de-la-guerra-ducraina\/#article","isPartOf":{"@id":"https:\/\/www.hotelengirona.com\/ca\/hotel-palau-de-girona-amb-els-refugiats-de-la-guerra-ducraina\/"},"author":{"name":"admin","@id":"https:\/\/www.hotelengirona.com\/#\/schema\/person\/e1b0e1fc2ba25258a352e34a465f8c3b"},"headline":"Hotel Palau de Girona amb els Refugiats de la Guerra d&#8217;Ucra\u00efna","datePublished":"2025-05-29T16:05:00+00:00","mainEntityOfPage":{"@id":"https:\/\/www.hotelengirona.com\/ca\/hotel-palau-de-girona-amb-els-refugiats-de-la-guerra-ducraina\/"},"wordCount":333,"publisher":{"@id":"https:\/\/www.hotelengirona.com\/#organization"},"image":{"@id":"https:\/\/www.hotelengirona.com\/ca\/hotel-palau-de-girona-amb-els-refugiats-de-la-guerra-ducraina\/#primaryimage"},"thumbnailUrl":"https:\/\/www.hotelengirona.com\/wp-content\/uploads\/2022\/12\/30.jpg","inLanguage":"ca"},{"@type":"WebPage","@id":"https:\/\/www.hotelengirona.com\/ca\/hotel-palau-de-girona-amb-els-refugiats-de-la-guerra-ducraina\/","url":"https:\/\/www.hotelengirona.com\/ca\/hotel-palau-de-girona-amb-els-refugiats-de-la-guerra-ducraina\/","name":"Hotel Palau de Girona amb els Refugiats de la Guerra d'Ucra\u00efna - Hotel Palau de Girona","isPartOf":{"@id":"https:\/\/www.hotelengirona.com\/#website"},"primaryImageOfPage":{"@id":"https:\/\/www.hotelengirona.com\/ca\/hotel-palau-de-girona-amb-els-refugiats-de-la-guerra-ducraina\/#primaryimage"},"image":{"@id":"https:\/\/www.hotelengirona.com\/ca\/hotel-palau-de-girona-amb-els-refugiats-de-la-guerra-ducraina\/#primaryimage"},"thumbnailUrl":"https:\/\/www.hotelengirona.com\/wp-content\/uploads\/2022\/12\/30.jpg","datePublished":"2025-05-29T16:05:00+00:00","description":"Des que R\u00fassia va comen\u00e7ar la incursi\u00f3 militar a Ucra\u00efna, milions d'ucra\u00efnesos han perdut familiars, amics i propietats. S\u00f3n milers d'ucra\u00efnesos els que","breadcrumb":{"@id":"https:\/\/www.hotelengirona.com\/ca\/hotel-palau-de-girona-amb-els-refugiats-de-la-guerra-ducraina\/#breadcrumb"},"inLanguage":"ca","potentialAction":[{"@type":"ReadAction","target":["https:\/\/www.hotelengirona.com\/ca\/hotel-palau-de-girona-amb-els-refugiats-de-la-guerra-ducraina\/"]}]},{"@type":"ImageObject","inLanguage":"ca","@id":"https:\/\/www.hotelengirona.com\/ca\/hotel-palau-de-girona-amb-els-refugiats-de-la-guerra-ducraina\/#primaryimage","url":"https:\/\/www.hotelengirona.com\/wp-content\/uploads\/2022\/12\/30.jpg","contentUrl":"https:\/\/www.hotelengirona.com\/wp-content\/uploads\/2022\/12\/30.jpg","width":1500,"height":1000},{"@type":"BreadcrumbList","@id":"https:\/\/www.hotelengirona.com\/ca\/hotel-palau-de-girona-amb-els-refugiats-de-la-guerra-ducraina\/#breadcrumb","itemListElement":[{"@type":"ListItem","position":1,"name":"Portada","item":"https:\/\/www.hotelengirona.com\/"},{"@type":"ListItem","position":2,"name":"Hotel Palau de Girona amb els Refugiats de la Guerra d&#8217;Ucra\u00efna"}]},{"@type":"WebSite","@id":"https:\/\/www.hotelengirona.com\/#website","url":"https:\/\/www.hotelengirona.com\/","name":"Hotel Palau de Girona","description":"Sant Juli\u00e0 de Ramis, Girona","publisher":{"@id":"https:\/\/www.hotelengirona.com\/#organization"},"potentialAction":[{"@type":"SearchAction","target":{"@type":"EntryPoint","urlTemplate":"https:\/\/www.hotelengirona.com\/?s={search_term_string}"},"query-input":{"@type":"PropertyValueSpecification","valueRequired":true,"valueName":"search_term_string"}}],"inLanguage":"ca"},{"@type":"Organization","@id":"https:\/\/www.hotelengirona.com\/#organization","name":"Hotel Palau de Girona","url":"https:\/\/www.hotelengirona.com\/","logo":{"@type":"ImageObject","inLanguage":"ca","@id":"https:\/\/www.hotelengirona.com\/#\/schema\/logo\/image\/","url":"https:\/\/www.hotelengirona.com\/wp-content\/uploads\/2019\/06\/logohpg.png","contentUrl":"https:\/\/www.hotelengirona.com\/wp-content\/uploads\/2019\/06\/logohpg.png","width":11811,"height":9364,"caption":"Hotel Palau de Girona"},"image":{"@id":"https:\/\/www.hotelengirona.com\/#\/schema\/logo\/image\/"}},{"@type":"Person","@id":"https:\/\/www.hotelengirona.com\/#\/schema\/person\/e1b0e1fc2ba25258a352e34a465f8c3b","name":"admin","image":{"@type":"ImageObject","inLanguage":"ca","@id":"https:\/\/secure.gravatar.com\/avatar\/9927a224b9f9733c4feb9fdbfa81332fd2a62fe00eefee4c746caa088fb72e8c?s=96&d=mm&r=g","url":"https:\/\/secure.gravatar.com\/avatar\/9927a224b9f9733c4feb9fdbfa81332fd2a62fe00eefee4c746caa088fb72e8c?s=96&d=mm&r=g","contentUrl":"https:\/\/secure.gravatar.com\/avatar\/9927a224b9f9733c4feb9fdbfa81332fd2a62fe00eefee4c746caa088fb72e8c?s=96&d=mm&r=g","caption":"admin"},"sameAs":["https:\/\/hotelengirona.com"],"url":"https:\/\/www.hotelengirona.com\/ca\/author\/palau\/"}]}},"_links":{"self":[{"href":"https:\/\/www.hotelengirona.com\/ca\/wp-json\/wp\/v2\/posts\/2071","targetHints":{"allow":["GET"]}}],"collection":[{"href":"https:\/\/www.hotelengirona.com\/ca\/wp-json\/wp\/v2\/posts"}],"about":[{"href":"https:\/\/www.hotelengirona.com\/ca\/wp-json\/wp\/v2\/types\/post"}],"author":[{"embeddable":true,"href":"https:\/\/www.hotelengirona.com\/ca\/wp-json\/wp\/v2\/users\/1"}],"replies":[{"embeddable":true,"href":"https:\/\/www.hotelengirona.com\/ca\/wp-json\/wp\/v2\/comments?post=2071"}],"version-history":[{"count":1,"href":"https:\/\/www.hotelengirona.com\/ca\/wp-json\/wp\/v2\/posts\/2071\/revisions"}],"predecessor-version":[{"id":2990,"href":"https:\/\/www.hotelengirona.com\/ca\/wp-json\/wp\/v2\/posts\/2071\/revisions\/2990"}],"wp:featuredmedia":[{"embeddable":true,"href":"https:\/\/www.hotelengirona.com\/ca\/wp-json\/wp\/v2\/media\/2069"}],"wp:attachment":[{"href":"https:\/\/www.hotelengirona.com\/ca\/wp-json\/wp\/v2\/media?parent=2071"}],"wp:term":[{"taxonomy":"category","embeddable":true,"href":"https:\/\/www.hotelengirona.com\/ca\/wp-json\/wp\/v2\/categories?post=2071"},{"taxonomy":"post_tag","embeddable":true,"href":"https:\/\/www.hotelengirona.com\/ca\/wp-json\/wp\/v2\/tags?post=2071"}],"curies":[{"name":"wp","href":"https:\/\/api.w.org\/{rel}","templated":true}]}}