{"id":1916,"date":"2025-05-29T16:05:00","date_gmt":"2025-05-29T16:05:00","guid":{"rendered":"https:\/\/www.hotelengirona.com\/el-pont-de-ferro-de-girona\/"},"modified":"2025-05-29T16:05:00","modified_gmt":"2025-05-29T16:05:00","slug":"el-pont-de-ferro-de-girona","status":"publish","type":"post","link":"https:\/\/www.hotelengirona.com\/ca\/el-pont-de-ferro-de-girona\/","title":{"rendered":"El pont de ferro de Girona"},"content":{"rendered":"<p>El pont dels Peixateries Velles o pont dels Palanques Vermelles situat sobre el riu Onyar s&#8217;ha convertit en un dels espais per a con\u00e8ixer durant una visita a Girona, per oferir belles vistes panor\u00e0miques de la ciutat, aix\u00ed com per ser part del Patrimoni Arquitect\u00f2nic de Catalunya.<\/p>\n<p>Un dels atractius del pont de ferro de Girona \u00e9s que \u00e9s una obra que va ser desenvolupada per l&#8217;empresa d&#8217;Alexandre-Gustave Eiffel, un enginyer que va guanyar fama mundial per ser el creador de la torre de Par\u00eds constru\u00efda en 1889 i que es va convertir en el principal s\u00edmbol de la ciutat llum.<\/p>\n<p>Aquest pont d&#8217;\u00fas per als vianants \u00e9s molt cridaner, ja que la seva estructura met\u00e0l\u00b7lica est\u00e0 pintada en un color vermell intens, la qual cosa el fa molt cridaner, per la qual cosa se l&#8217;ha denominat com el pont de palanques vermelles, encara que tamb\u00e9 se&#8217;l denomina com a pont d&#8217;Eiffel.<\/p>\n<p>S&#8217;eleva a uns 7 metres d&#8217;altura respecte al llit del riu Onyar, la seva estructura de ferro est\u00e0 composta per peces amb forma de &#8220;L&#8221;, el paviment est\u00e0 format amb taulons de fusta i t\u00e9 una ampl\u00e0ria de prop de 2,60 metres, la qual cosa ho fa molt c\u00f2mode per al tr\u00e0nsit per als vianants.<\/p>\n<p>El pont de ferro de Girona data de l&#8217;any 1877, va ser dissenyat per Manuel Almeda i el seu cost va ser de 22.500 pessetes, l&#8217;empresa Gustavo Eiffel de Par\u00eds, responsable de l&#8217;obra, es va encarregar a m\u00e9s de la construcci\u00f3 d\u2019altres ponts per a Renfe, la principal operadora ferrovi\u00e0ria del pa\u00eds.<\/p>\n<p>En 1979 es van escometre les obres de restauraci\u00f3 del pont de ferro de Girona, pel fet que presentava deterioracions en la seva estructures a causa de la instal\u00b7laci\u00f3 d&#8217;un paviment d&#8217;asfalt realitzada en 1959. Els treballs van consistir a refor\u00e7ar l&#8217;estructura afectada per la humitat i substituir el paviment per taulons de roure.<\/p>\n<p>Pot visitar el pont de ferro de Girona i fer nit a l&#8217;Hotel Palau, on podr\u00e0 descansar plaentment despr\u00e9s del seu passeig per la ciutat.<\/p>\n","protected":false},"excerpt":{"rendered":"<p>El pont dels Peixateries Velles o pont dels Palanques Vermelles situat sobre el riu Onyar s&#8217;ha convertit en un dels espais per a con\u00e8ixer durant una visita a Girona, per oferir belles vistes panor\u00e0miques de la ciutat, aix\u00ed com per [&hellip;]<\/p>\n","protected":false},"author":1,"featured_media":1913,"comment_status":"closed","ping_status":"closed","sticky":false,"template":"","format":"standard","meta":{"footnotes":""},"categories":[52],"tags":[],"class_list":["post-1916","post","type-post","status-publish","format-standard","has-post-thumbnail","hentry","category-sense-categoria"],"yoast_head":"<!-- This site is optimized with the Yoast SEO plugin v27.2 - https:\/\/yoast.com\/product\/yoast-seo-wordpress\/ -->\n<title>El pont de ferro de Girona - Hotel Palau de Girona<\/title>\n<meta name=\"description\" content=\"El pont dels Peixateries Velles o pont dels Palanques Vermelles situat sobre el riu Onyar s&#039;ha convertit en un dels espais per a con\u00e8ixer durant una\" \/>\n<meta name=\"robots\" content=\"index, follow, max-snippet:-1, max-image-preview:large, max-video-preview:-1\" \/>\n<link rel=\"canonical\" href=\"https:\/\/www.hotelengirona.com\/ca\/el-pont-de-ferro-de-girona\/\" \/>\n<meta property=\"og:locale\" content=\"ca_ES\" \/>\n<meta property=\"og:type\" content=\"article\" \/>\n<meta property=\"og:title\" content=\"El pont de ferro de Girona - Hotel Palau de Girona\" \/>\n<meta property=\"og:description\" content=\"El pont dels Peixateries Velles o pont dels Palanques Vermelles situat sobre el riu Onyar s&#039;ha convertit en un dels espais per a con\u00e8ixer durant una\" \/>\n<meta property=\"og:url\" content=\"https:\/\/www.hotelengirona.com\/ca\/el-pont-de-ferro-de-girona\/\" \/>\n<meta property=\"og:site_name\" content=\"Hotel Palau de Girona\" \/>\n<meta property=\"article:published_time\" content=\"2025-05-29T16:05:00+00:00\" \/>\n<meta property=\"og:image\" content=\"https:\/\/www.hotelengirona.com\/wp-content\/uploads\/2021\/10\/puente-eiffel-girona.jpg\" \/>\n\t<meta property=\"og:image:width\" content=\"764\" \/>\n\t<meta property=\"og:image:height\" content=\"510\" \/>\n\t<meta property=\"og:image:type\" content=\"image\/jpeg\" \/>\n<meta name=\"author\" content=\"admin\" \/>\n<meta name=\"twitter:card\" content=\"summary_large_image\" \/>\n<meta name=\"twitter:label1\" content=\"Escrit per\" \/>\n\t<meta name=\"twitter:data1\" content=\"admin\" \/>\n\t<meta name=\"twitter:label2\" content=\"Temps estimat de lectura\" \/>\n\t<meta name=\"twitter:data2\" content=\"2 minuts\" \/>\n<script type=\"application\/ld+json\" class=\"yoast-schema-graph\">{\"@context\":\"https:\/\/schema.org\",\"@graph\":[{\"@type\":\"Article\",\"@id\":\"https:\/\/www.hotelengirona.com\/ca\/el-pont-de-ferro-de-girona\/#article\",\"isPartOf\":{\"@id\":\"https:\/\/www.hotelengirona.com\/ca\/el-pont-de-ferro-de-girona\/\"},\"author\":{\"name\":\"admin\",\"@id\":\"https:\/\/www.hotelengirona.com\/#\/schema\/person\/e1b0e1fc2ba25258a352e34a465f8c3b\"},\"headline\":\"El pont de ferro de Girona\",\"datePublished\":\"2025-05-29T16:05:00+00:00\",\"mainEntityOfPage\":{\"@id\":\"https:\/\/www.hotelengirona.com\/ca\/el-pont-de-ferro-de-girona\/\"},\"wordCount\":372,\"publisher\":{\"@id\":\"https:\/\/www.hotelengirona.com\/#organization\"},\"image\":{\"@id\":\"https:\/\/www.hotelengirona.com\/ca\/el-pont-de-ferro-de-girona\/#primaryimage\"},\"thumbnailUrl\":\"https:\/\/www.hotelengirona.com\/wp-content\/uploads\/2021\/10\/puente-eiffel-girona.jpg\",\"inLanguage\":\"ca\"},{\"@type\":\"WebPage\",\"@id\":\"https:\/\/www.hotelengirona.com\/ca\/el-pont-de-ferro-de-girona\/\",\"url\":\"https:\/\/www.hotelengirona.com\/ca\/el-pont-de-ferro-de-girona\/\",\"name\":\"El pont de ferro de Girona - Hotel Palau de Girona\",\"isPartOf\":{\"@id\":\"https:\/\/www.hotelengirona.com\/#website\"},\"primaryImageOfPage\":{\"@id\":\"https:\/\/www.hotelengirona.com\/ca\/el-pont-de-ferro-de-girona\/#primaryimage\"},\"image\":{\"@id\":\"https:\/\/www.hotelengirona.com\/ca\/el-pont-de-ferro-de-girona\/#primaryimage\"},\"thumbnailUrl\":\"https:\/\/www.hotelengirona.com\/wp-content\/uploads\/2021\/10\/puente-eiffel-girona.jpg\",\"datePublished\":\"2025-05-29T16:05:00+00:00\",\"description\":\"El pont dels Peixateries Velles o pont dels Palanques Vermelles situat sobre el riu Onyar s'ha convertit en un dels espais per a con\u00e8ixer durant una\",\"breadcrumb\":{\"@id\":\"https:\/\/www.hotelengirona.com\/ca\/el-pont-de-ferro-de-girona\/#breadcrumb\"},\"inLanguage\":\"ca\",\"potentialAction\":[{\"@type\":\"ReadAction\",\"target\":[\"https:\/\/www.hotelengirona.com\/ca\/el-pont-de-ferro-de-girona\/\"]}]},{\"@type\":\"ImageObject\",\"inLanguage\":\"ca\",\"@id\":\"https:\/\/www.hotelengirona.com\/ca\/el-pont-de-ferro-de-girona\/#primaryimage\",\"url\":\"https:\/\/www.hotelengirona.com\/wp-content\/uploads\/2021\/10\/puente-eiffel-girona.jpg\",\"contentUrl\":\"https:\/\/www.hotelengirona.com\/wp-content\/uploads\/2021\/10\/puente-eiffel-girona.jpg\",\"width\":764,\"height\":510,\"caption\":\"puente eiffel girona\"},{\"@type\":\"BreadcrumbList\",\"@id\":\"https:\/\/www.hotelengirona.com\/ca\/el-pont-de-ferro-de-girona\/#breadcrumb\",\"itemListElement\":[{\"@type\":\"ListItem\",\"position\":1,\"name\":\"Portada\",\"item\":\"https:\/\/www.hotelengirona.com\/\"},{\"@type\":\"ListItem\",\"position\":2,\"name\":\"El pont de ferro de Girona\"}]},{\"@type\":\"WebSite\",\"@id\":\"https:\/\/www.hotelengirona.com\/#website\",\"url\":\"https:\/\/www.hotelengirona.com\/\",\"name\":\"Hotel Palau de Girona\",\"description\":\"Sant Juli\u00e0 de Ramis, Girona\",\"publisher\":{\"@id\":\"https:\/\/www.hotelengirona.com\/#organization\"},\"potentialAction\":[{\"@type\":\"SearchAction\",\"target\":{\"@type\":\"EntryPoint\",\"urlTemplate\":\"https:\/\/www.hotelengirona.com\/?s={search_term_string}\"},\"query-input\":{\"@type\":\"PropertyValueSpecification\",\"valueRequired\":true,\"valueName\":\"search_term_string\"}}],\"inLanguage\":\"ca\"},{\"@type\":\"Organization\",\"@id\":\"https:\/\/www.hotelengirona.com\/#organization\",\"name\":\"Hotel Palau de Girona\",\"url\":\"https:\/\/www.hotelengirona.com\/\",\"logo\":{\"@type\":\"ImageObject\",\"inLanguage\":\"ca\",\"@id\":\"https:\/\/www.hotelengirona.com\/#\/schema\/logo\/image\/\",\"url\":\"https:\/\/www.hotelengirona.com\/wp-content\/uploads\/2019\/06\/logohpg.png\",\"contentUrl\":\"https:\/\/www.hotelengirona.com\/wp-content\/uploads\/2019\/06\/logohpg.png\",\"width\":11811,\"height\":9364,\"caption\":\"Hotel Palau de Girona\"},\"image\":{\"@id\":\"https:\/\/www.hotelengirona.com\/#\/schema\/logo\/image\/\"}},{\"@type\":\"Person\",\"@id\":\"https:\/\/www.hotelengirona.com\/#\/schema\/person\/e1b0e1fc2ba25258a352e34a465f8c3b\",\"name\":\"admin\",\"image\":{\"@type\":\"ImageObject\",\"inLanguage\":\"ca\",\"@id\":\"https:\/\/secure.gravatar.com\/avatar\/9927a224b9f9733c4feb9fdbfa81332fd2a62fe00eefee4c746caa088fb72e8c?s=96&d=mm&r=g\",\"url\":\"https:\/\/secure.gravatar.com\/avatar\/9927a224b9f9733c4feb9fdbfa81332fd2a62fe00eefee4c746caa088fb72e8c?s=96&d=mm&r=g\",\"contentUrl\":\"https:\/\/secure.gravatar.com\/avatar\/9927a224b9f9733c4feb9fdbfa81332fd2a62fe00eefee4c746caa088fb72e8c?s=96&d=mm&r=g\",\"caption\":\"admin\"},\"sameAs\":[\"https:\/\/hotelengirona.com\"],\"url\":\"https:\/\/www.hotelengirona.com\/ca\/author\/palau\/\"}]}<\/script>\n<!-- \/ Yoast SEO plugin. -->","yoast_head_json":{"title":"El pont de ferro de Girona - Hotel Palau de Girona","description":"El pont dels Peixateries Velles o pont dels Palanques Vermelles situat sobre el riu Onyar s'ha convertit en un dels espais per a con\u00e8ixer durant una","robots":{"index":"index","follow":"follow","max-snippet":"max-snippet:-1","max-image-preview":"max-image-preview:large","max-video-preview":"max-video-preview:-1"},"canonical":"https:\/\/www.hotelengirona.com\/ca\/el-pont-de-ferro-de-girona\/","og_locale":"ca_ES","og_type":"article","og_title":"El pont de ferro de Girona - Hotel Palau de Girona","og_description":"El pont dels Peixateries Velles o pont dels Palanques Vermelles situat sobre el riu Onyar s'ha convertit en un dels espais per a con\u00e8ixer durant una","og_url":"https:\/\/www.hotelengirona.com\/ca\/el-pont-de-ferro-de-girona\/","og_site_name":"Hotel Palau de Girona","article_published_time":"2025-05-29T16:05:00+00:00","og_image":[{"width":764,"height":510,"url":"https:\/\/www.hotelengirona.com\/wp-content\/uploads\/2021\/10\/puente-eiffel-girona.jpg","type":"image\/jpeg"}],"author":"admin","twitter_card":"summary_large_image","twitter_misc":{"Escrit per":"admin","Temps estimat de lectura":"2 minuts"},"schema":{"@context":"https:\/\/schema.org","@graph":[{"@type":"Article","@id":"https:\/\/www.hotelengirona.com\/ca\/el-pont-de-ferro-de-girona\/#article","isPartOf":{"@id":"https:\/\/www.hotelengirona.com\/ca\/el-pont-de-ferro-de-girona\/"},"author":{"name":"admin","@id":"https:\/\/www.hotelengirona.com\/#\/schema\/person\/e1b0e1fc2ba25258a352e34a465f8c3b"},"headline":"El pont de ferro de Girona","datePublished":"2025-05-29T16:05:00+00:00","mainEntityOfPage":{"@id":"https:\/\/www.hotelengirona.com\/ca\/el-pont-de-ferro-de-girona\/"},"wordCount":372,"publisher":{"@id":"https:\/\/www.hotelengirona.com\/#organization"},"image":{"@id":"https:\/\/www.hotelengirona.com\/ca\/el-pont-de-ferro-de-girona\/#primaryimage"},"thumbnailUrl":"https:\/\/www.hotelengirona.com\/wp-content\/uploads\/2021\/10\/puente-eiffel-girona.jpg","inLanguage":"ca"},{"@type":"WebPage","@id":"https:\/\/www.hotelengirona.com\/ca\/el-pont-de-ferro-de-girona\/","url":"https:\/\/www.hotelengirona.com\/ca\/el-pont-de-ferro-de-girona\/","name":"El pont de ferro de Girona - Hotel Palau de Girona","isPartOf":{"@id":"https:\/\/www.hotelengirona.com\/#website"},"primaryImageOfPage":{"@id":"https:\/\/www.hotelengirona.com\/ca\/el-pont-de-ferro-de-girona\/#primaryimage"},"image":{"@id":"https:\/\/www.hotelengirona.com\/ca\/el-pont-de-ferro-de-girona\/#primaryimage"},"thumbnailUrl":"https:\/\/www.hotelengirona.com\/wp-content\/uploads\/2021\/10\/puente-eiffel-girona.jpg","datePublished":"2025-05-29T16:05:00+00:00","description":"El pont dels Peixateries Velles o pont dels Palanques Vermelles situat sobre el riu Onyar s'ha convertit en un dels espais per a con\u00e8ixer durant una","breadcrumb":{"@id":"https:\/\/www.hotelengirona.com\/ca\/el-pont-de-ferro-de-girona\/#breadcrumb"},"inLanguage":"ca","potentialAction":[{"@type":"ReadAction","target":["https:\/\/www.hotelengirona.com\/ca\/el-pont-de-ferro-de-girona\/"]}]},{"@type":"ImageObject","inLanguage":"ca","@id":"https:\/\/www.hotelengirona.com\/ca\/el-pont-de-ferro-de-girona\/#primaryimage","url":"https:\/\/www.hotelengirona.com\/wp-content\/uploads\/2021\/10\/puente-eiffel-girona.jpg","contentUrl":"https:\/\/www.hotelengirona.com\/wp-content\/uploads\/2021\/10\/puente-eiffel-girona.jpg","width":764,"height":510,"caption":"puente eiffel girona"},{"@type":"BreadcrumbList","@id":"https:\/\/www.hotelengirona.com\/ca\/el-pont-de-ferro-de-girona\/#breadcrumb","itemListElement":[{"@type":"ListItem","position":1,"name":"Portada","item":"https:\/\/www.hotelengirona.com\/"},{"@type":"ListItem","position":2,"name":"El pont de ferro de Girona"}]},{"@type":"WebSite","@id":"https:\/\/www.hotelengirona.com\/#website","url":"https:\/\/www.hotelengirona.com\/","name":"Hotel Palau de Girona","description":"Sant Juli\u00e0 de Ramis, Girona","publisher":{"@id":"https:\/\/www.hotelengirona.com\/#organization"},"potentialAction":[{"@type":"SearchAction","target":{"@type":"EntryPoint","urlTemplate":"https:\/\/www.hotelengirona.com\/?s={search_term_string}"},"query-input":{"@type":"PropertyValueSpecification","valueRequired":true,"valueName":"search_term_string"}}],"inLanguage":"ca"},{"@type":"Organization","@id":"https:\/\/www.hotelengirona.com\/#organization","name":"Hotel Palau de Girona","url":"https:\/\/www.hotelengirona.com\/","logo":{"@type":"ImageObject","inLanguage":"ca","@id":"https:\/\/www.hotelengirona.com\/#\/schema\/logo\/image\/","url":"https:\/\/www.hotelengirona.com\/wp-content\/uploads\/2019\/06\/logohpg.png","contentUrl":"https:\/\/www.hotelengirona.com\/wp-content\/uploads\/2019\/06\/logohpg.png","width":11811,"height":9364,"caption":"Hotel Palau de Girona"},"image":{"@id":"https:\/\/www.hotelengirona.com\/#\/schema\/logo\/image\/"}},{"@type":"Person","@id":"https:\/\/www.hotelengirona.com\/#\/schema\/person\/e1b0e1fc2ba25258a352e34a465f8c3b","name":"admin","image":{"@type":"ImageObject","inLanguage":"ca","@id":"https:\/\/secure.gravatar.com\/avatar\/9927a224b9f9733c4feb9fdbfa81332fd2a62fe00eefee4c746caa088fb72e8c?s=96&d=mm&r=g","url":"https:\/\/secure.gravatar.com\/avatar\/9927a224b9f9733c4feb9fdbfa81332fd2a62fe00eefee4c746caa088fb72e8c?s=96&d=mm&r=g","contentUrl":"https:\/\/secure.gravatar.com\/avatar\/9927a224b9f9733c4feb9fdbfa81332fd2a62fe00eefee4c746caa088fb72e8c?s=96&d=mm&r=g","caption":"admin"},"sameAs":["https:\/\/hotelengirona.com"],"url":"https:\/\/www.hotelengirona.com\/ca\/author\/palau\/"}]}},"_links":{"self":[{"href":"https:\/\/www.hotelengirona.com\/ca\/wp-json\/wp\/v2\/posts\/1916","targetHints":{"allow":["GET"]}}],"collection":[{"href":"https:\/\/www.hotelengirona.com\/ca\/wp-json\/wp\/v2\/posts"}],"about":[{"href":"https:\/\/www.hotelengirona.com\/ca\/wp-json\/wp\/v2\/types\/post"}],"author":[{"embeddable":true,"href":"https:\/\/www.hotelengirona.com\/ca\/wp-json\/wp\/v2\/users\/1"}],"replies":[{"embeddable":true,"href":"https:\/\/www.hotelengirona.com\/ca\/wp-json\/wp\/v2\/comments?post=1916"}],"version-history":[{"count":1,"href":"https:\/\/www.hotelengirona.com\/ca\/wp-json\/wp\/v2\/posts\/1916\/revisions"}],"predecessor-version":[{"id":3001,"href":"https:\/\/www.hotelengirona.com\/ca\/wp-json\/wp\/v2\/posts\/1916\/revisions\/3001"}],"wp:featuredmedia":[{"embeddable":true,"href":"https:\/\/www.hotelengirona.com\/ca\/wp-json\/wp\/v2\/media\/1913"}],"wp:attachment":[{"href":"https:\/\/www.hotelengirona.com\/ca\/wp-json\/wp\/v2\/media?parent=1916"}],"wp:term":[{"taxonomy":"category","embeddable":true,"href":"https:\/\/www.hotelengirona.com\/ca\/wp-json\/wp\/v2\/categories?post=1916"},{"taxonomy":"post_tag","embeddable":true,"href":"https:\/\/www.hotelengirona.com\/ca\/wp-json\/wp\/v2\/tags?post=1916"}],"curies":[{"name":"wp","href":"https:\/\/api.w.org\/{rel}","templated":true}]}}